{"id":1766,"date":"2022-04-25T10:23:56","date_gmt":"2022-04-25T09:23:56","guid":{"rendered":"http:\/\/www.themetechmount.in\/wordpress\/zippco\/?p=1766"},"modified":"2023-04-19T10:24:34","modified_gmt":"2023-04-19T09:24:34","slug":"patrimoine-des-menages-l-effet-limite-de-la-crise-sanitaire","status":"publish","type":"post","link":"https:\/\/gabrielwealthmanagement.com\/en\/patrimoine-des-menages-l-effet-limite-de-la-crise-sanitaire\/","title":{"rendered":"Patrimoine des m\u00e9nages : l&rsquo;effet limit\u00e9 de la crise sanitaire"},"content":{"rendered":"<h1 class=\"fr-h1\">Patrimoine des m\u00e9nages\u00a0: l&rsquo;effet limit\u00e9 de la crise sanitaire<\/h1>\n<p class=\"fr-text--lead vp-page-chapo\"><span class=\"field field--name-field-chapo field--type-string-long field--label-hidden field__item\">La crise li\u00e9e \u00e0 la pand\u00e9mie de Covid-19 a g\u00e9n\u00e9r\u00e9 un surplus d\u2019\u00e9pargne en 2020 et 2021. Les Fran\u00e7ais l&rsquo;ont plac\u00e9 sur des supports qu\u2019ils d\u00e9tenaient d\u00e9j\u00e0. D\u00e9but 2021, 89,2% des m\u00e9nages ont des produits financiers, 61,2% un bien immobilier et 16,2% des actifs professionnels. Et 12,6% des m\u00e9nages poss\u00e8dent les trois \u00e0 la fois.<\/span><\/p>\n<div class=\"vp-page-content\">\n<div class=\"field field--name-field-paragraphe field--type-entity-reference-revisions field--label-hidden field__items\">\n<div class=\"field__item\">\n<div class=\"paragraph paragraph--type--paragraphe paragraph--view-mode--default\">\n<div class=\"field field--name-field-corps-de-texte field--type-text-long field--label-hidden field__item\">\n<p>Les\u00a0<a title=\"Insee, &quot;M\u00e9nage. D\u00e9finition&quot;. Nouvelle fen\u00eatre\" href=\"https:\/\/www.insee.fr\/fr\/metadonnees\/definition\/c1879\" target=\"_blank\" rel=\"noopener\">m\u00e9nages<\/a>\u00a0privil\u00e9gient toujours les actifs financiers et immobiliers. D&rsquo;ailleurs, 57,6% d&rsquo;entre eux poss\u00e8dent un patrimoine financier et immobilier.<\/p>\n<p>C&rsquo;est ce qui ressort d&rsquo;une\u00a0<a title=\"Marie-C\u00e9cile Cazenave-Lacrouts, Pierre Cheloudko et Orlane Hubert, &quot;La composition du patrimoine des m\u00e9nages \u00e9volue peu \u00e0 la suite de la crise sanitaire&quot;, Insee Premi\u00e8re, n\u00b0 1899, 3 mai 2022. Nouvelle fen\u00eatre\" href=\"https:\/\/www.insee.fr\/fr\/statistiques\/6437977\" target=\"_blank\" rel=\"noopener\">\u00e9tude publi\u00e9e en mai 2022 par l\u2019Institut national de la statistique et des \u00e9tudes \u00e9conomiques (Insee)<\/a>. Cette \u00e9tude r\u00e9v\u00e8le aussi que la composition du patrimoine des Fran\u00e7ais n\u2019a quasiment pas vari\u00e9 entre 2018 et 2021.<\/p>\n<\/div>\n<\/div>\n<\/div>\n<div class=\"field__item\">\n<div class=\"paragraph paragraph--type--paragraphe paragraph--view-mode--default\">\n<h2 id=\"livret-a-le-produit-financier-pr\u00e9f\u00e9r\u00e9-des-m\u00e9nages\" class=\"h2\" tabindex=\"-1\">Livret \u00a0A\u00a0: le produit financier pr\u00e9f\u00e9r\u00e9 des m\u00e9nages<\/h2>\n<div class=\"field field--name-field-corps-de-texte field--type-text-long field--label-hidden field__item\">\n<p>Le\u00a0<a title=\"Service public, &quot;Comptes et livrets d\u2019\u00e9pargne : quelles diff\u00e9rences ?&quot;. Nouvelle fen\u00eatre\" href=\"https:\/\/www.service-public.fr\/particuliers\/vosdroits\/F34393\" target=\"_blank\" rel=\"noopener\">livret d\u2019\u00e9pargne<\/a>\u00a0ne pr\u00e9sente aucun risque de perte en capital. D\u00e9but 2021, 83,9% des m\u00e9nages en poss\u00e8dent au moins. Les\u00a0<strong>livrets d\u00e9fiscalis\u00e9s<\/strong>\u00a0sont les plus pris\u00e9s\u00a0:<\/p>\n<ul>\n<li><strong>73,5% des m\u00e9nages<\/strong>\u00a0d\u00e9tiennent un\u00a0<strong>livret\u00a0A<\/strong>\u00a0en 2021\u00a0;<\/li>\n<li>35,9% un livret de d\u00e9veloppement durable et solidaire (LDDS)\u00a0;<\/li>\n<li>16,4% un livret d\u2019\u00e9pargne populaire (LEP)\u00a0;<\/li>\n<li>10,9% un livret jeune.<\/li>\n<\/ul>\n<p>La part des m\u00e9nages d\u00e9tenant un livret d\u00e9fiscalis\u00e9 se stabilise. Elle avait nettement recul\u00e9 entre 2015 et 2018 en raison d\u2019une baisse des taux d\u2019int\u00e9r\u00eat qui r\u00e9duisait le rendement de ce produit.<\/p>\n<\/div>\n<div class=\"field field--name-field-contenu-associe-interne field--type-entity-reference field--label-hidden field__items\">\n<div class=\"field__item\">\n<div class=\"node node--type-en-bref node--view-mode-inside-link vp-teaser-card-horizontal fr-card fr-enlarge-link fr-card--horizontal fr-card--horizontal-tier fr-mb-3w\" role=\"article\">\n<div class=\"fr-card__body\">\n<div class=\"fr-card__content\">\n<h3 class=\"fr-card__title\"><a href=\"https:\/\/www.vie-publique.fr\/en-bref\/278886-covid-19-comment-expliquer-la-hausse-de-lepargne-des-francais\" target=\"_blank\" rel=\"noopener\">Covid-19 : hausse marqu\u00e9e de l&rsquo;\u00e9pargne, quelle analyse de la Banque de France ?<\/a><\/h3>\n<div class=\"fr-card__start\">\n<p class=\"fr-card__detail\">En bref<\/p>\n<p><a href=\"https:\/\/gabrielwealthmanagement.com\/wp-content\/uploads\/2019\/05\/Downloader.la-643d8588235ed.jpg\"><img fetchpriority=\"high\" decoding=\"async\" class=\"size-medium wp-image-6208\" src=\"https:\/\/gabrielwealthmanagement.com\/wp-content\/uploads\/2019\/05\/Downloader.la-643d8588235ed-300x200.jpg\" alt=\"\" width=\"300\" height=\"200\" srcset=\"https:\/\/gabrielwealthmanagement.com\/wp-content\/uploads\/2019\/05\/Downloader.la-643d8588235ed-300x200.jpg 300w, https:\/\/gabrielwealthmanagement.com\/wp-content\/uploads\/2019\/05\/Downloader.la-643d8588235ed-768x512.jpg 768w, https:\/\/gabrielwealthmanagement.com\/wp-content\/uploads\/2019\/05\/Downloader.la-643d8588235ed.jpg 1024w\" sizes=\"(max-width: 300px) 100vw, 300px\" \/><\/a><\/p>\n<\/div>\n<\/div>\n<\/div>\n<div class=\"fr-card__img\"><\/div>\n<\/div>\n<\/div>\n<\/div>\n<\/div>\n<\/div>\n<div class=\"field__item\">\n<div class=\"paragraph paragraph--type--paragraphe paragraph--view-mode--default\">\n<h2 id=\"assurance-vie-et-\u00e9pargne-retraite-un-succ\u00e8s-croissant\" class=\"h2\" tabindex=\"-1\">Assurance-vie et \u00e9pargne retraite\u00a0: un succ\u00e8s croissant<\/h2>\n<div class=\"field field--name-field-corps-de-texte field--type-text-long field--label-hidden field__item\">\n<p>La d\u00e9tention d\u2019<a title=\"Service public, &quot;Assurance vie&quot;. Nouvelle fen\u00eatre\" href=\"https:\/\/www.service-public.fr\/particuliers\/vosdroits\/N89\" target=\"_blank\" rel=\"noopener\">assurance-vie<\/a>\u00a0ne cesse de progresser depuis 2010 (+5,5\u00a0points). D\u00e9but 2021,\u00a0<strong>40,5% des m\u00e9nages<\/strong>\u00a0poss\u00e8dent au moins un contrat (+1,3\u00a0point par rapport \u00e0 2018). Les encours d\u2019assurance-vie ont augment\u00e9 avant la crise sanitaire (qui a d\u00e9but\u00e9 en mars 2020), puis l\u00e9g\u00e8rement diminu\u00e9 pour cro\u00eetre fortement en 2021. B\u00e9n\u00e9ficiant d\u2019une fiscalit\u00e9 attractive, l\u2019assurance-vie permet de constituer un patrimoine et de le transmettre en succession dans des conditions int\u00e9ressantes. Sa d\u00e9tention augmente avec l\u2019\u00e2ge.<\/p>\n<p>D\u00e9but 2021,\u00a0<strong>16,4% des m\u00e9nages<\/strong>\u00a0d\u00e9tiennent une\u00a0<strong>\u00e9pargne retraite<\/strong>\u00a0(dont un\u00a0<a title=\"Service public, &quot;Peut-on encore ouvrir un plan d\u2019\u00e9pargne populaire (PEP) ?&quot;. Nouvelle fen\u00eatre\" href=\"https:\/\/www.service-public.fr\/particuliers\/vosdroits\/F2908\" target=\"_blank\" rel=\"noopener\">plan d\u2019\u00e9pargne populaire<\/a>), soit 0,9\u00a0point de plus qu\u2019en 2018. Deux familles de produits progressent particuli\u00e8rement\u00a0:<\/p>\n<ul>\n<li>la retraite surcompl\u00e9mentaire propos\u00e9e par l\u2019employeur, d\u00e9tenue par 6,9% des m\u00e9nages (+0,7\u00a0point depuis 2018)\u00a0;<\/li>\n<li>le plan d\u2019\u00e9pargne retraite populaire (PERP) et son successeur, le\u00a0<a title=\"Service public, &quot;Plan d\u2019\u00e9pargne retraite (PER)&quot;. Nouvelle fen\u00eatre\" href=\"https:\/\/www.service-public.fr\/particuliers\/vosdroits\/F34982\" target=\"_blank\" rel=\"noopener\">plan d\u2019\u00e9pargne retraite (PER)<\/a>, accessibles aux particuliers dans les banques. 5,7% des m\u00e9nages en d\u00e9tiennent un (+1,3\u00a0point depuis 2018). Cette progression est li\u00e9e \u00e0 la cr\u00e9ation du PER, le 1<sup>er<\/sup>\u00a0octobre 2019. Il remplace les dispositifs existants et uniformise les r\u00e8gles de l\u2019\u00e9pargne retraite. Il offre aussi des conditions de sortie en rente ou en capital plus souples et une fiscalit\u00e9 avantageuse.<\/li>\n<\/ul>\n<p>Les plus gros d\u00e9tenteurs d\u2019\u00e9pargne retraite sont les m\u00e9nages dont la personne de r\u00e9f\u00e9rence exerce une profession lib\u00e9rale (+5,2\u00a0points entre 2018 et 2021).<\/p>\n<\/div>\n<\/div>\n<\/div>\n<div class=\"field__item\">\n<div class=\"paragraph paragraph--type--paragraphe paragraph--view-mode--default\">\n<h2 id=\"immobilier-une-part-importante-du-patrimoine-des-m\u00e9nages\" class=\"h2\" tabindex=\"-1\">Immobilier\u00a0: une part importante du patrimoine des m\u00e9nages<\/h2>\n<div class=\"field field--name-field-corps-de-texte field--type-text-long field--label-hidden field__item\">\n<p><strong>61,2% des m\u00e9nages<\/strong>\u00a0poss\u00e8dent un\u00a0<strong><a href=\"https:\/\/www.vie-publique.fr\/en-bref\/285111-patrimoine-des-menages-le-faible-impact-de-la-crise-sanitaire\" target=\"_blank\" rel=\"noopener\">patrimoine immobilier<\/a>,<\/strong>\u00a0une proportion stable depuis dix ans.\u00a0<strong>57,5% des m\u00e9nages sont propri\u00e9taires de leur r\u00e9sidence principale<\/strong>\u00a0et 19,2% poss\u00e8dent un autre logement (r\u00e9sidence secondaire, logement mis en location\u2026). La possession d\u2019autres logements a augment\u00e9 de 0,9\u00a0point depuis 2018.<\/p>\n<p>La d\u00e9tention de patrimoine immobilier augmente avec l\u2019\u00e2ge\u00a0: 19,8% des m\u00e9nages dont la personne de r\u00e9f\u00e9rence a moins de 30\u00a0ans sont propri\u00e9taires contre 73,4% des m\u00e9nages de 70\u00a0ans ou plus. Depuis 2010, la d\u00e9tention immobili\u00e8re a recul\u00e9 de 7,3\u00a0points pour les quinquag\u00e9naires et de 6,2\u00a0points pour les sexag\u00e9naires.<\/p>\n<\/div>\n<\/div>\n<\/div>\n<\/div>\n<\/div>","protected":false},"excerpt":{"rendered":"<p>Patrimoine des m\u00e9nages\u00a0: l&rsquo;effet limit\u00e9 de la crise sanitaire La crise li\u00e9e \u00e0 la pand\u00e9mie de Covid-19 a g\u00e9n\u00e9r\u00e9 un surplus d\u2019\u00e9pargne en 2020 et 2021. Les Fran\u00e7ais l&rsquo;ont plac\u00e9 sur des supports qu\u2019ils d\u00e9tenaient d\u00e9j\u00e0. D\u00e9but 2021, 89,2% des m\u00e9nages ont des produits financiers, 61,2% un bien immobilier et 16,2% des actifs professionnels. Et &hellip; <a href=\"https:\/\/gabrielwealthmanagement.com\/en\/patrimoine-des-menages-l-effet-limite-de-la-crise-sanitaire\/\" class=\"more-link\">Continue reading <span class=\"screen-reader-text\">Patrimoine des m\u00e9nages : l&rsquo;effet limit\u00e9 de la crise sanitaire<\/span><\/a><\/p>","protected":false},"author":1,"featured_media":6208,"comment_status":"open","ping_status":"open","sticky":false,"template":"","format":"standard","meta":{"_jetpack_memberships_contains_paid_content":false,"footnotes":""},"categories":[3,5],"tags":[],"class_list":["post-1766","post","type-post","status-publish","format-standard","has-post-thumbnail","hentry","category-la-gestion-de-patrimoine","category-multy-family-office"],"jetpack_featured_media_url":"https:\/\/gabrielwealthmanagement.com\/wp-content\/uploads\/2019\/05\/Downloader.la-643d8588235ed.jpg","jetpack_sharing_enabled":true,"_links":{"self":[{"href":"https:\/\/gabrielwealthmanagement.com\/en\/wp-json\/wp\/v2\/posts\/1766","targetHints":{"allow":["GET"]}}],"collection":[{"href":"https:\/\/gabrielwealthmanagement.com\/en\/wp-json\/wp\/v2\/posts"}],"about":[{"href":"https:\/\/gabrielwealthmanagement.com\/en\/wp-json\/wp\/v2\/types\/post"}],"author":[{"embeddable":true,"href":"https:\/\/gabrielwealthmanagement.com\/en\/wp-json\/wp\/v2\/users\/1"}],"replies":[{"embeddable":true,"href":"https:\/\/gabrielwealthmanagement.com\/en\/wp-json\/wp\/v2\/comments?post=1766"}],"version-history":[{"count":8,"href":"https:\/\/gabrielwealthmanagement.com\/en\/wp-json\/wp\/v2\/posts\/1766\/revisions"}],"predecessor-version":[{"id":6210,"href":"https:\/\/gabrielwealthmanagement.com\/en\/wp-json\/wp\/v2\/posts\/1766\/revisions\/6210"}],"wp:featuredmedia":[{"embeddable":true,"href":"https:\/\/gabrielwealthmanagement.com\/en\/wp-json\/wp\/v2\/media\/6208"}],"wp:attachment":[{"href":"https:\/\/gabrielwealthmanagement.com\/en\/wp-json\/wp\/v2\/media?parent=1766"}],"wp:term":[{"taxonomy":"category","embeddable":true,"href":"https:\/\/gabrielwealthmanagement.com\/en\/wp-json\/wp\/v2\/categories?post=1766"},{"taxonomy":"post_tag","embeddable":true,"href":"https:\/\/gabrielwealthmanagement.com\/en\/wp-json\/wp\/v2\/tags?post=1766"}],"curies":[{"name":"wp","href":"https:\/\/api.w.org\/{rel}","templated":true}]}}